{"id":1737,"date":"2026-09-05T14:00:00","date_gmt":"2026-09-05T12:00:00","guid":{"rendered":"https:\/\/www.tvw-badminton.de\/?p=1737"},"modified":"2026-09-05T14:25:31","modified_gmt":"2026-09-05T12:25:31","slug":"saisonvorbericht-2026-2027","status":"publish","type":"post","link":"https:\/\/www.tvw-badminton.de\/?p=1737","title":{"rendered":"Saisonvorbericht 2026\/2027"},"content":{"rendered":"\n<p class=\"wp-block-paragraph\">Wir starten wieder mit 3&nbsp; Aktiven Mannschaften (Oberliga, Verbandsliga und Landesliga) sowie einer Jugendmannschaft (Landesliga) in die neue Saison.<\/p>\n\n\n\n<p class=\"wp-block-paragraph\">Die ersten Saisonspiele starten bereits diese Woche, unser erstes Heimspiel findet jedoch erst am 24.\/25.10.2026 statt mit einem Oberliga Doppelspiel Wochenende. Wir danken Frank Friedrich f\u00fcr die tollen neuen Mannschaftsbilder und dem Sporthaus Glaab f\u00fcr den reibungslosen Ablauf und der Unterst\u00fctzung bez\u00fcglich unserer Sporttrikots.&nbsp;<\/p>\n\n\n\n<p class=\"wp-block-paragraph\"><strong>Vielen Dank f\u00fcr die gute Zusammenarbeit!<\/strong><\/p>\n\n\n\n<p class=\"wp-block-paragraph\">Wir m\u00f6chten uns ganz herzlich bei unseren Sponsoren der Firma Verope aus Zweibr\u00fccken, dem Ingenieurb\u00fcro H + P GmbH, sowie dem Hausmeisterservice Wolfgang Thiel aus Wemmetsweiler und Deuba XXL<\/p>\n\n\n\n<p class=\"wp-block-paragraph\">f\u00fcr das entgegengebrachte Vertrauen und die wertvolle Zusammenarbeit bedanken.<\/p>\n\n\n\n<p class=\"wp-block-paragraph\">Ein DANKESCH\u00d6N geht auch an Yonex#Deutschland. &nbsp;<\/p>\n\n\n\n<p class=\"wp-block-paragraph\">Euer Engagement tr\u00e4gt dazu bei, dass wir als Verein unsere Projekte und Aktivit\u00e4ten erfolgreich umsetzen und besonders unsere Jugendarbeit weiter voranbringen k\u00f6nnen.<\/p>\n\n\n\n<p class=\"wp-block-paragraph\">Wir freuen uns sehr darauf, auch in den kommenden&nbsp;<strong>zwei Jahren<\/strong>&nbsp;gemeinsam mit euch weiterzuarbeiten und unsere erfolgreiche Partnerschaft fortzuf\u00fchren.<\/p>\n\n\n\n<p class=\"wp-block-paragraph\"><strong>Vielen Dank f\u00fcr euer Vertrauen und die tolle Zusammenarbeit!<\/strong><\/p>\n\n\n\n<p class=\"wp-block-paragraph\"><\/p>\n\n\n\n<ol class=\"wp-block-list\"><\/ol>\n\n\n\n<ol class=\"wp-block-list\"><\/ol>\n\n\n\n<p class=\"wp-block-paragraph\"><strong>1. Mannschaft<\/strong><\/p>\n\n\n\n<p class=\"wp-block-paragraph\">TV Wemmetsweiler peilt gesicherten Mittelfeldplatz in der Oberliga-Saison 2026\/27 an<\/p>\n\n\n\n<p class=\"wp-block-paragraph\">Mit einem Kader, der zu gro\u00dfen Teilen aus der Vorsaison zusammengeblieben ist, startet die 1. Mannschaft des TV Wemmetsweiler in die neue Spielzeit der Badminton-Oberliga. Nach Platz drei in der abgelaufenen Saison lautet das erkl\u00e4rte Ziel f\u00fcr 2026\/27: die Klasse fr\u00fchzeitig sichern und sich im gesicherten Mittelfeld etablieren. Ein Podestplatz steht damit bewusst nicht im Vordergrund \u2013 vielmehr geht es darum, konstant Punkte zu sammeln und den Ligaverbleib m\u00f6glichst fr\u00fch unter Dach und Fach zu bringen. Die Oberliga bleibt eine anspruchsvolle Liga, in der sich kein Team seines Platzes sicher sein kann, sodass sich Wemmetsweiler auf enge und umk\u00e4mpfte Begegnungen einstellt.<\/p>\n\n\n\n<p class=\"wp-block-paragraph\">Personell gibt es im Vergleich zur Vorsaison zwei Ver\u00e4nderungen: Kai Behles, der bereits l\u00e4nger angek\u00fcndigt hatte, in dieser Saison k\u00fcrzerzutreten, konzentriert sich aus privaten Gr\u00fcnden k\u00fcnftig vor allem auf Eins\u00e4tze f\u00fcr die zweite Mannschaft, wo er sicherlich den ein oder anderen Auftritt haben wird. F\u00fcr ihn r\u00fcckt Sebastian Deutsch fest in die Stammformation, der bereits in der vergangenen Saison Eins\u00e4tze f\u00fcr die Erste gesammelt hat und somit kein unbeschriebenes Blatt ist. Ansonsten bleibt die bew\u00e4hrte Mannschaft zusammen: Neben Deutsch und Seib\u00fcchler bilden Jessica Scheid, Sahra Morgenstern, Kristof Hopp, Torben Seib\u00fcchler und Kim Thiel den Kern der Mannschaft, die in die neue Saison geht. Angef\u00fchrt wird die Truppe erneut von Mannschaftsf\u00fchrer Sascha Seib\u00fcchler, der als \u201eMannschaftsdino&#8220; wie gewohnt hochmotiviert in die Saison startet. \u201eWir wollen das Beste aus der Saison machen&#8220;, gibt sich Seib\u00fcchler k\u00e4mpferisch und macht deutlich, dass die Mannschaft selbstbewusst in die neue Spielzeit geht.<\/p>\n\n\n\n<p class=\"wp-block-paragraph\">In der Oberliga trifft der TV Wemmetsweiler unter anderem auf TB Andernach mit seiner ersten und zweiten Mannschaft, den 1. BCW H\u00fctschenhausen, den SSV Heiligenwald, TuS Neuhofen, die vierte Mannschaft des 1. BC Saarbr\u00fccken-Bischmisheim sowie SV Viktoria Herxheim. Die Liga bleibt damit ausgeglichen besetzt, sodass an jedem Wochenende gefordert sein wird, wer am Ende im gesicherten Mittelfeld stehen will.<\/p>\n\n\n\n<p class=\"wp-block-paragraph\">Los geht es f\u00fcr den TV Wemmetsweiler mit dem Saisonauftakt am Sonntag, 13. September 2026 (10:00 Uhr), ausw\u00e4rts beim 1. BCW H\u00fctschenhausen. Die ersten Heimspiele der Saison stehen dann Ende Oktober an: Am Samstag, 24. Oktober 2026 (14:00 Uhr), empf\u00e4ngt die Mannschaft den SSV Heiligenwald, einen Tag sp\u00e4ter, am Sonntag, 25. Oktober 2026 (13:00 Uhr), folgt die Partie gegen die vierte Mannschaft des 1. BC Saarbr\u00fccken-Bischmisheim. Der eingespielte Kader und die klare Rollenverteilung sollen dem TV Wemmetsweiler dabei helfen, an die solide Vorsaison anzukn\u00fcpfen. Mit Sebastian Deutsch, der sich bereits in der Vorsaison empfohlen hat, und einem ansonsten unver\u00e4nderten Team setzt die Mannschaft bewusst auf Kontinuit\u00e4t statt auf einen personellen Umbruch. Gerade die Erfahrung und der Zusammenhalt innerhalb der Stammformation gelten dabei als Pfund, mit dem die Wemmetsweiler wuchern k\u00f6nnen, wenn es im Saisonverlauf eng wird. Der Saisonstart wird zeigen, ob dieses Konzept aufgeht \u2013 die Mannschaft jedenfalls blickt mit Zuversicht auf die kommenden Monate.<\/p>\n\n\n\n<p class=\"wp-block-paragraph\"><strong>Alle Spieltermine der Saison 2026\/27<\/strong><\/p>\n\n\n\n<p class=\"wp-block-paragraph\"><strong>Spieltag Datum Uhrzeit Heim Gast<\/strong><\/p>\n\n\n\n<p class=\"wp-block-paragraph\">1 So, 13.09.2026 10:00 1. BCW H\u00fctschenhausen&nbsp;<strong>TV Wemmetsweiler<\/strong><\/p>\n\n\n\n<p class=\"wp-block-paragraph\">2 Sa, 03.10.2026 17:00 SV Viktoria Herxheim\u00a0<strong>TV Wemmetsweiler<\/strong><\/p>\n\n\n\n<p class=\"wp-block-paragraph\">3 So, 04.10.2026 10:00 TuS Neuhofen&nbsp;<strong>TV Wemmetsweiler<\/strong><\/p>\n\n\n\n<p class=\"wp-block-paragraph\">4 Sa, 24.10.2026 14:00&nbsp;<strong>TV Wemmetsweiler&nbsp;<\/strong>SSV Heiligenwald<\/p>\n\n\n\n<p class=\"wp-block-paragraph\">5 So, 25.10.2026 13:00\u00a0<strong>TV Wemmetsweiler\u00a0<\/strong>1. BC Sbr.-Bischmisheim 4<\/p>\n\n\n\n<p class=\"wp-block-paragraph\">6 Sa, 28.11.2026 14:00 TB Andernach 2&nbsp;<strong>TV Wemmetsweiler<\/strong><\/p>\n\n\n\n<p class=\"wp-block-paragraph\">7 So, 29.11.2026 13:00 TB Andernach\u00a0<strong>TV Wemmetsweiler<\/strong><\/p>\n\n\n\n<p class=\"wp-block-paragraph\">8 Sa, 23.01.2027 17:00&nbsp;<strong>TV Wemmetsweiler&nbsp;<\/strong>1. BCW H\u00fctschenhausen<\/p>\n\n\n\n<p class=\"wp-block-paragraph\">9 Sa, 20.02.2027 19:00&nbsp;<strong>TV Wemmetsweiler&nbsp;<\/strong>TB Andernach 2<\/p>\n\n\n\n<p class=\"wp-block-paragraph\">10 So, 21.02.2027 11:00\u00a0<strong>TV Wemmetsweiler\u00a0<\/strong>TB Andernach<\/p>\n\n\n\n<p class=\"wp-block-paragraph\">11 Sa, 06.03.2027 18:00 SSV Heiligenwald&nbsp;<strong>TV Wemmetsweiler<\/strong><\/p>\n\n\n\n<p class=\"wp-block-paragraph\">12 So, 07.03.2027 14:00 1. BC Sbr.-Bischmisheim 4\u00a0<strong>TV Wemmetsweiler<\/strong><\/p>\n\n\n\n<p class=\"wp-block-paragraph\">13 Sa, 20.03.2027 19:00\u00a0<strong>TV Wemmetsweiler\u00a0<\/strong>SV Viktoria Herxheim <\/p>\n\n\n\n<p class=\"wp-block-paragraph\">14 So, 21.03.2027 11:00&nbsp;<strong>TV Wemmetsweiler&nbsp;<\/strong>TuS Neuhofen<\/p>\n\n\n\n<figure class=\"wp-block-image size-large\"><img loading=\"lazy\" decoding=\"async\" width=\"1024\" height=\"683\" src=\"https:\/\/www.tvw-badminton.de\/wp-content\/uploads\/2026\/09\/TVW-I_2026_02-1024x683.jpg\" alt=\"\" class=\"wp-image-1739\" srcset=\"https:\/\/www.tvw-badminton.de\/wp-content\/uploads\/2026\/09\/TVW-I_2026_02-1024x683.jpg 1024w, https:\/\/www.tvw-badminton.de\/wp-content\/uploads\/2026\/09\/TVW-I_2026_02-300x200.jpg 300w, https:\/\/www.tvw-badminton.de\/wp-content\/uploads\/2026\/09\/TVW-I_2026_02-768x512.jpg 768w, https:\/\/www.tvw-badminton.de\/wp-content\/uploads\/2026\/09\/TVW-I_2026_02-1536x1024.jpg 1536w, https:\/\/www.tvw-badminton.de\/wp-content\/uploads\/2026\/09\/TVW-I_2026_02-1200x800.jpg 1200w, https:\/\/www.tvw-badminton.de\/wp-content\/uploads\/2026\/09\/TVW-I_2026_02-1140x760.jpg 1140w, https:\/\/www.tvw-badminton.de\/wp-content\/uploads\/2026\/09\/TVW-I_2026_02-2048x1365.jpg 2048w\" sizes=\"auto, (max-width: 1024px) 100vw, 1024px\" \/><\/figure>\n\n\n\n<p class=\"wp-block-paragraph\"><\/p>\n\n\n\n<p class=\"wp-block-paragraph\"><strong>2. Mannschaft<\/strong><\/p>\n\n\n\n<p class=\"wp-block-paragraph\">Der zweiten Mannschaft des TVW stehen zur neuen Verbandsliga-Saison einige \u00c4nderungen ins Haus. Nachdem verletzungsbedingten Ausfall von Thomas (Becker) zur zweiten Saisonh\u00e4lfte der abgelaufenen Spielzeit und der sehr guten Entwicklung von Sebastian (Deutsch), der in der neuen Saison wohlverdient in der Oberliga aufschl\u00e4gt, konnte Sebsatians Bruder Tobias als Verst\u00e4rkung von au\u00dferhalb gewonnen werden und auch Kai Behles wird sich den Strapazen, vorrangig der Ausw\u00e4rtsspiele, in der Oberliga nicht mehr aussetzen und ebenfalls in der Zweiten an den Start gehen. Eine weitere \u201eGeheimwaffe\u201c kommt in diesem Jahr ebenfalls aus der Familie Behles; Leo wird seine erste Saison im Bereich der Aktiven bestreiten und bestimmt auch den ein oder anderen Einsatz in der zweiten Mannschaft bekommen.<\/p>\n\n\n\n<p class=\"wp-block-paragraph\">Mit Moritz (Nauerz) und Markus (Speicher) sowie dem wiedereinsteigenden Thomas kann im Herrenbereich auf bekannte Namen zur\u00fcckgegriffen werden, ebenso wie bei den Damen mit Sandra Mann und Jeanette Seib\u00fcchler.<br><br>Los geht\u2019s am 11. September gegen die erste Mannschaft aus Wiebelskirchen, die neben Mannschaften des PSV Saarbr\u00fccken, St. Wendel, Wiesbach, Heiligenwald\/ V\u00f6lklingen, Bischmisheim und Schaffhausen\/ \u00dcberherrn die diesj\u00e4hrige Konkurrenz pr\u00e4gen werden.<br><br>Wie im letzten Jahr wird zum Saisonende ein Platz im oberen Tabellendrittel angestrebt und hoffentlich auch erreicht.<br><br><br>Wir freuen uns auf viele spannende Begegnungen und reges Interesse der Zuschauer.<\/p>\n\n\n\n<figure class=\"wp-block-image size-large\"><img loading=\"lazy\" decoding=\"async\" width=\"1024\" height=\"683\" src=\"https:\/\/www.tvw-badminton.de\/wp-content\/uploads\/2026\/09\/1000280692-1024x683.jpg\" alt=\"\" class=\"wp-image-1741\" srcset=\"https:\/\/www.tvw-badminton.de\/wp-content\/uploads\/2026\/09\/1000280692-1024x683.jpg 1024w, https:\/\/www.tvw-badminton.de\/wp-content\/uploads\/2026\/09\/1000280692-300x200.jpg 300w, https:\/\/www.tvw-badminton.de\/wp-content\/uploads\/2026\/09\/1000280692-768x512.jpg 768w, https:\/\/www.tvw-badminton.de\/wp-content\/uploads\/2026\/09\/1000280692-1536x1024.jpg 1536w, https:\/\/www.tvw-badminton.de\/wp-content\/uploads\/2026\/09\/1000280692-2048x1365.jpg 2048w, https:\/\/www.tvw-badminton.de\/wp-content\/uploads\/2026\/09\/1000280692-1200x800.jpg 1200w, https:\/\/www.tvw-badminton.de\/wp-content\/uploads\/2026\/09\/1000280692-1140x760.jpg 1140w\" sizes=\"auto, (max-width: 1024px) 100vw, 1024px\" \/><\/figure>\n\n\n\n<p class=\"wp-block-paragraph\"><\/p>\n\n\n\n<p class=\"wp-block-paragraph\"><strong>3. Mannschaft<\/strong><\/p>\n\n\n\n<p class=\"wp-block-paragraph\"><strong>TV Wemmetsweiler 3 startet mit ausgeglichenem Kader in die neue Landesliga-Saison<\/strong><\/p>\n\n\n\n<p class=\"wp-block-paragraph\">Nach dem starken dritten Tabellenplatz in der vergangenen Spielzeit startet der&nbsp;<strong>TV Wemmetsweiler 3<\/strong>&nbsp;im September in die Saison 2026\/2027 der Badminton-Landesliga. In einer neu zusammengesetzten Liga trifft die Mannschaft auf bekannte Gegner, aber auch auf einige neue Herausforderungen. Als realistisches Ziel wird eine&nbsp;<strong>Platzierung im gesicherten Mittelfeld<\/strong>&nbsp;angestrebt.<\/p>\n\n\n\n<p class=\"wp-block-paragraph\">Bei den Herren bilden&nbsp;<strong>Leo Behles, Alexander No\u00df, Luca Lauer, Holger Bassalik und Dirk Hellbr\u00fcck<\/strong>&nbsp;den Stamm der Mannschaft. Erg\u00e4nzt wird der Kader durch die erfahrenen Ersatzspieler&nbsp;<strong>Michael Klein, Sven Uhlmann, Frank Loch und Uwe Decker<\/strong>.<\/p>\n\n\n\n<p class=\"wp-block-paragraph\">Bei den Damen gehen&nbsp;<strong>Sina Schuck und Nicole Hellbr\u00fcck<\/strong>&nbsp;als Stammspielerinnen in die neue Spielzeit. Mit&nbsp;<strong>Sara Uhlmann, Sarah Fabris, Lisa Hellbr\u00fcck und Viktoria Wolf<\/strong>&nbsp;stehen zudem mehrere Ersatzspielerinnen bereit. Insgesamt verf\u00fcgt der TVW damit \u00fcber gen\u00fcgend personelle M\u00f6glichkeiten, um w\u00e4hrend der Saison flexibel auf Ausf\u00e4lle reagieren zu k\u00f6nnen.<\/p>\n\n\n\n<p class=\"wp-block-paragraph\">Zum Saisonauftakt stehen gleich zwei Ausw\u00e4rtsspiele auf dem Programm. Am&nbsp;<strong>12. September<\/strong>&nbsp;geht es zun\u00e4chst zum&nbsp;<strong>TV Homburg 2<\/strong>, eine Woche sp\u00e4ter wartet die&nbsp;<strong>BSG Schaffhausen\/\u00dcberherrn 3<\/strong>. Das erste Heimspiel bestreitet der TVW am&nbsp;<strong>24. Oktober<\/strong>&nbsp;gegen die aus der vergangenen Saison bekannte&nbsp;<strong>SG St. Ingbert\/Elversberg 1<\/strong>.<\/p>\n\n\n\n<p class=\"wp-block-paragraph\">Im weiteren Saisonverlauf trifft Wemmetsweiler auf den&nbsp;<strong>BC Ottweiler 2<\/strong>, den&nbsp;<strong>Post SV Saarbr\u00fccken 1<\/strong>&nbsp;und die&nbsp;<strong>SG Lebach\/Oberthal 2<\/strong>. Den Abschluss des Kalenderjahres bildet am&nbsp;<strong>10. Dezember<\/strong>&nbsp;das Heimspiel gegen die&nbsp;<strong>SG Heiligenwald\/V\u00f6lklingen 4<\/strong>.<\/p>\n\n\n\n<p class=\"wp-block-paragraph\">Nach dem dritten Platz in der Vorsaison geht der TVW mit Selbstvertrauen, aber auch mit realistischen Erwartungen in die neue Spielzeit. Da sich das Teilnehmerfeld gegen\u00fcber der vergangenen Saison ver\u00e4ndert hat und einige der neuen Gegner nur schwer einzusch\u00e4tzen sind, steht zun\u00e4chst eine&nbsp;<strong>solide Platzierung im Mittelfeld<\/strong>&nbsp;im Vordergrund. Gelingt es, regelm\u00e4\u00dfig in guter Besetzung anzutreten und die engen Begegnungen f\u00fcr sich zu entscheiden, ist sicherlich auch der eine oder andere Blick in Richtung der vorderen Tabellenpl\u00e4tze erlaubt.<\/p>\n\n\n\n<p class=\"wp-block-paragraph\">Am&nbsp;<strong>12. September in Homburg<\/strong>&nbsp;beginnt f\u00fcr den TV Wemmetsweiler 3 die neue Landesliga-Saison \u2013 und damit wird sich erstmals zeigen, wie sich die Mannschaft im neu zusammengesetzten Teilnehmerfeld behaupten kann.<\/p>\n\n\n\n<figure class=\"wp-block-image size-large\"><img loading=\"lazy\" decoding=\"async\" width=\"1024\" height=\"683\" src=\"https:\/\/www.tvw-badminton.de\/wp-content\/uploads\/2026\/09\/1000280686-1024x683.jpg\" alt=\"\" class=\"wp-image-1742\" srcset=\"https:\/\/www.tvw-badminton.de\/wp-content\/uploads\/2026\/09\/1000280686-1024x683.jpg 1024w, https:\/\/www.tvw-badminton.de\/wp-content\/uploads\/2026\/09\/1000280686-300x200.jpg 300w, https:\/\/www.tvw-badminton.de\/wp-content\/uploads\/2026\/09\/1000280686-768x512.jpg 768w, https:\/\/www.tvw-badminton.de\/wp-content\/uploads\/2026\/09\/1000280686-1536x1024.jpg 1536w, https:\/\/www.tvw-badminton.de\/wp-content\/uploads\/2026\/09\/1000280686-1200x800.jpg 1200w, https:\/\/www.tvw-badminton.de\/wp-content\/uploads\/2026\/09\/1000280686-1140x760.jpg 1140w, https:\/\/www.tvw-badminton.de\/wp-content\/uploads\/2026\/09\/1000280686-2048x1365.jpg 2048w\" sizes=\"auto, (max-width: 1024px) 100vw, 1024px\" \/><\/figure>\n\n\n\n<p class=\"wp-block-paragraph\"><\/p>\n\n\n\n<p class=\"wp-block-paragraph\"><strong>Jugendmannschaft<\/strong><\/p>\n\n\n\n<p class=\"wp-block-paragraph\">Nach einer erfolgreichen vergangenen Saison startet die Jugendmannschaft des TV Wemmetsweiler erstmals in der Landesliga. Mit dem Meistertitel in der Bezirksliga konnte sich die Mannschaft den Aufstieg sichern und geht nun voller Vorfreude in die neue Herausforderung.<\/p>\n\n\n\n<p class=\"wp-block-paragraph\">F\u00fcr die kommende Saison bleibt die Mannschaft in weiten Teilen zusammen. Finn Seib\u00fcchler, Lennard Jehle und Viktoria Wolf bilden weiterhin den Kern des Teams. Verst\u00e4rkt wird die Mannschaft dieses Jahr durch Marlon Uhlmann und Max Schorr. Damit steht dem TVW eine junge und motivierte Mannschaft zur Verf\u00fcgung, die in der Landesliga erste Erfahrungen sammeln und sich dort behaupten m\u00f6chte.<\/p>\n\n\n\n<p class=\"wp-block-paragraph\">In der Landesliga warten mit dem TuS Wiebelskirchen 1, dem 1. BC Saarbr\u00fccken-Bischmisheim 2, dem SuS Obere Saar 1 und dem PSV Saar 3 einige interessante und sicherlich anspruchsvolle Gegner. Nach dem Meistertitel in der vergangenen Saison wird die Konkurrenz in der neuen Spielklasse eine deutlich gr\u00f6\u00dfere Herausforderung darstellen.<\/p>\n\n\n\n<p class=\"wp-block-paragraph\">Dementsprechend geht der TV Wemmetsweiler mit einem realistischen Saisonziel in die neue Runde. Ein Platz im Mittelfeld der Landesliga soll am Ende erreicht werden. Dabei steht neben den Ergebnissen vor allem die Weiterentwicklung der jungen Spielerinnen und Spieler im Vordergrund. Die Mannschaft m\u00f6chte die gesammelten Erfahrungen nutzen, um sich Schritt f\u00fcr Schritt in der neuen Liga zu etablieren.<\/p>\n\n\n\n<p class=\"wp-block-paragraph\">Der Start in die neue Saison erfolgt am 09.02. um 18:30 Uhr ausw\u00e4rts gegen den SuS Obere Saar 1. Dabei wird sich erstmals zeigen, wie sich die neu formierte Mannschaft in der Landesliga behaupten kann.<\/p>\n\n\n\n<p class=\"wp-block-paragraph\">Wir w\u00fcnschen der Jugendmannschaft eine erfolgreiche Saison mit vielen spannenden und fairen Spielen und nat\u00fcrlich viel Erfolg bei der neuen Herausforderung Landesliga!<\/p>\n\n\n\n<figure class=\"wp-block-image size-large\"><img loading=\"lazy\" decoding=\"async\" width=\"1024\" height=\"683\" src=\"https:\/\/www.tvw-badminton.de\/wp-content\/uploads\/2026\/09\/1000280684-1024x683.jpg\" alt=\"\" class=\"wp-image-1743\" srcset=\"https:\/\/www.tvw-badminton.de\/wp-content\/uploads\/2026\/09\/1000280684-1024x683.jpg 1024w, https:\/\/www.tvw-badminton.de\/wp-content\/uploads\/2026\/09\/1000280684-300x200.jpg 300w, https:\/\/www.tvw-badminton.de\/wp-content\/uploads\/2026\/09\/1000280684-768x512.jpg 768w, https:\/\/www.tvw-badminton.de\/wp-content\/uploads\/2026\/09\/1000280684-1536x1024.jpg 1536w, https:\/\/www.tvw-badminton.de\/wp-content\/uploads\/2026\/09\/1000280684-1200x800.jpg 1200w, https:\/\/www.tvw-badminton.de\/wp-content\/uploads\/2026\/09\/1000280684-2048x1365.jpg 2048w, https:\/\/www.tvw-badminton.de\/wp-content\/uploads\/2026\/09\/1000280684-1140x760.jpg 1140w\" sizes=\"auto, (max-width: 1024px) 100vw, 1024px\" \/><\/figure>\n","protected":false},"excerpt":{"rendered":"<p>Wir starten wieder mit 3&nbsp; Aktiven Mannschaften (Oberliga, Verbandsliga und Landesliga) sowie einer Jugendmannschaft (Landesliga) in die neue Saison. Die ersten Saisonspiele starten bereits diese Woche, unser erstes Heimspiel findet jedoch erst am 24.\/25.10.2026 statt mit einem Oberliga Doppelspiel Wochenende. Wir danken Frank Friedrich f\u00fcr die tollen neuen Mannschaftsbilder und dem Sporthaus Glaab f\u00fcr den reibungslosen Ablauf und der Unterst\u00fctzung bez\u00fcglich unserer Sporttrikots.&nbsp; Vielen Dank f\u00fcr die gute Zusammenarbeit! Wir m\u00f6chten uns ganz herzlich bei unseren Sponsoren der Firma Verope aus Zweibr\u00fccken, dem Ingenieurb\u00fcro H + P GmbH, sowie dem Hausmeisterservice Wolfgang Thiel aus Wemmetsweiler und Deuba XXL f\u00fcr das entgegengebrachte Vertrauen und die wertvolle Zusammenarbeit bedanken. Ein DANKESCH\u00d6N geht auch an Yonex#Deutschland. &nbsp; Euer Engagement tr\u00e4gt dazu bei, dass wir als Verein unsere Projekte und Aktivit\u00e4ten erfolgreich umsetzen und besonders unsere Jugendarbeit weiter voranbringen k\u00f6nnen. Wir freuen uns sehr darauf, auch in den kommenden&nbsp;zwei Jahren&nbsp;gemeinsam mit euch weiterzuarbeiten und unsere erfolgreiche Partnerschaft fortzuf\u00fchren. Vielen Dank f\u00fcr euer Vertrauen und die tolle Zusammenarbeit! 1. Mannschaft TV Wemmetsweiler peilt gesicherten Mittelfeldplatz in der Oberliga-Saison 2026\/27 an Mit einem Kader, der zu gro\u00dfen Teilen aus der Vorsaison zusammengeblieben ist, startet die 1. Mannschaft des TV Wemmetsweiler in die neue Spielzeit der Badminton-Oberliga. Nach Platz drei in der abgelaufenen Saison lautet das erkl\u00e4rte Ziel f\u00fcr 2026\/27: die Klasse fr\u00fchzeitig sichern und sich im gesicherten Mittelfeld etablieren. Ein Podestplatz steht damit bewusst nicht im Vordergrund \u2013 vielmehr geht es darum, konstant Punkte zu sammeln und den Ligaverbleib m\u00f6glichst fr\u00fch unter Dach und Fach zu bringen. Die Oberliga bleibt eine anspruchsvolle Liga, in der sich kein Team seines Platzes sicher sein kann, sodass sich Wemmetsweiler auf enge und umk\u00e4mpfte Begegnungen einstellt. Personell gibt es im Vergleich zur Vorsaison zwei Ver\u00e4nderungen: Kai Behles, der bereits l\u00e4nger angek\u00fcndigt hatte, in dieser Saison k\u00fcrzerzutreten, konzentriert sich aus privaten Gr\u00fcnden k\u00fcnftig vor allem auf Eins\u00e4tze f\u00fcr die zweite Mannschaft, wo er sicherlich den ein oder anderen Auftritt haben wird. F\u00fcr ihn r\u00fcckt Sebastian Deutsch fest in die Stammformation, der bereits in der vergangenen Saison Eins\u00e4tze f\u00fcr die Erste gesammelt hat und somit kein unbeschriebenes Blatt ist. Ansonsten bleibt die bew\u00e4hrte Mannschaft zusammen: Neben Deutsch und Seib\u00fcchler bilden Jessica Scheid, Sahra Morgenstern, Kristof Hopp, Torben Seib\u00fcchler und Kim Thiel den Kern der Mannschaft, die in die neue Saison geht. Angef\u00fchrt wird die Truppe erneut von Mannschaftsf\u00fchrer Sascha Seib\u00fcchler, der als \u201eMannschaftsdino&#8220; wie gewohnt hochmotiviert in die Saison startet. \u201eWir wollen das Beste aus der Saison machen&#8220;, gibt sich Seib\u00fcchler k\u00e4mpferisch und macht deutlich, dass die Mannschaft selbstbewusst in die neue Spielzeit geht. In der Oberliga trifft der TV Wemmetsweiler unter anderem auf TB Andernach mit seiner ersten und zweiten Mannschaft, den 1. BCW H\u00fctschenhausen, den SSV Heiligenwald, TuS Neuhofen, die vierte Mannschaft des 1. BC Saarbr\u00fccken-Bischmisheim sowie SV Viktoria Herxheim. Die Liga bleibt damit ausgeglichen besetzt, sodass an jedem Wochenende gefordert sein wird, wer am Ende im gesicherten Mittelfeld stehen will. Los geht es f\u00fcr den TV Wemmetsweiler mit dem Saisonauftakt am Sonntag, 13. September 2026 (10:00 Uhr), ausw\u00e4rts beim 1. BCW H\u00fctschenhausen. Die ersten Heimspiele der Saison stehen dann Ende Oktober an: Am Samstag, 24. Oktober 2026 (14:00 Uhr), empf\u00e4ngt die Mannschaft den SSV Heiligenwald, einen Tag sp\u00e4ter, am Sonntag, 25. Oktober 2026 (13:00 Uhr), folgt die Partie gegen die vierte Mannschaft des 1. BC Saarbr\u00fccken-Bischmisheim. Der eingespielte Kader und die klare Rollenverteilung sollen dem TV Wemmetsweiler dabei helfen, an die solide Vorsaison anzukn\u00fcpfen. Mit Sebastian Deutsch, der sich bereits in der Vorsaison empfohlen hat, und einem ansonsten unver\u00e4nderten Team setzt die Mannschaft bewusst auf Kontinuit\u00e4t statt auf einen personellen Umbruch. Gerade die Erfahrung und der Zusammenhalt innerhalb der Stammformation gelten dabei als Pfund, mit dem die Wemmetsweiler wuchern k\u00f6nnen, wenn es im Saisonverlauf eng wird. Der Saisonstart wird zeigen, ob dieses Konzept aufgeht \u2013 die Mannschaft jedenfalls blickt mit Zuversicht auf die kommenden Monate. Alle Spieltermine der Saison 2026\/27 Spieltag Datum Uhrzeit Heim Gast 1 So, 13.09.2026 10:00 1. BCW H\u00fctschenhausen&nbsp;TV Wemmetsweiler 2 Sa, 03.10.2026 17:00 SV Viktoria Herxheim\u00a0TV Wemmetsweiler 3 So, 04.10.2026 10:00 TuS Neuhofen&nbsp;TV Wemmetsweiler 4 Sa, 24.10.2026 14:00&nbsp;TV Wemmetsweiler&nbsp;SSV Heiligenwald 5 So, 25.10.2026 13:00\u00a0TV Wemmetsweiler\u00a01. BC Sbr.-Bischmisheim 4 6 Sa, 28.11.2026 14:00 TB Andernach 2&nbsp;TV Wemmetsweiler 7 So, 29.11.2026 13:00 TB Andernach\u00a0TV Wemmetsweiler 8 Sa, 23.01.2027 17:00&nbsp;TV Wemmetsweiler&nbsp;1. BCW H\u00fctschenhausen 9 Sa, 20.02.2027 19:00&nbsp;TV Wemmetsweiler&nbsp;TB Andernach 2 10 So, 21.02.2027 11:00\u00a0TV Wemmetsweiler\u00a0TB Andernach 11 Sa, 06.03.2027 18:00 SSV Heiligenwald&nbsp;TV Wemmetsweiler 12 So, 07.03.2027 14:00 1. BC Sbr.-Bischmisheim 4\u00a0TV Wemmetsweiler 13 Sa, 20.03.2027 19:00\u00a0TV Wemmetsweiler\u00a0SV Viktoria Herxheim 14 So, 21.03.2027 11:00&nbsp;TV Wemmetsweiler&nbsp;TuS Neuhofen 2. Mannschaft Der zweiten Mannschaft des TVW stehen zur neuen Verbandsliga-Saison einige \u00c4nderungen ins Haus. Nachdem verletzungsbedingten Ausfall von Thomas (Becker) zur zweiten Saisonh\u00e4lfte der abgelaufenen Spielzeit und der sehr guten Entwicklung von Sebastian (Deutsch), der in der neuen Saison wohlverdient in der Oberliga aufschl\u00e4gt, konnte Sebsatians Bruder Tobias als Verst\u00e4rkung von au\u00dferhalb gewonnen werden und auch Kai Behles wird sich den Strapazen, vorrangig der Ausw\u00e4rtsspiele, in der Oberliga nicht mehr aussetzen und ebenfalls in der Zweiten an den Start gehen. Eine weitere \u201eGeheimwaffe\u201c kommt in diesem Jahr ebenfalls aus der Familie Behles; Leo wird seine erste Saison im Bereich der Aktiven bestreiten und bestimmt auch den ein oder anderen Einsatz in der zweiten Mannschaft bekommen. Mit Moritz (Nauerz) und Markus (Speicher) sowie dem wiedereinsteigenden Thomas kann im Herrenbereich auf bekannte Namen zur\u00fcckgegriffen werden, ebenso wie bei den Damen mit Sandra Mann und Jeanette Seib\u00fcchler. Los geht\u2019s am 11. September gegen die erste Mannschaft aus Wiebelskirchen, die neben Mannschaften des PSV Saarbr\u00fccken, St. Wendel, Wiesbach, Heiligenwald\/ V\u00f6lklingen, Bischmisheim und Schaffhausen\/ \u00dcberherrn die diesj\u00e4hrige Konkurrenz pr\u00e4gen werden. Wie im letzten Jahr wird zum Saisonende ein Platz im oberen Tabellendrittel angestrebt und hoffentlich auch erreicht. Wir freuen uns auf viele spannende Begegnungen und reges Interesse der Zuschauer. 3. Mannschaft TV Wemmetsweiler 3 startet mit ausgeglichenem Kader in die neue Landesliga-Saison Nach dem starken dritten Tabellenplatz in der vergangenen Spielzeit startet der&nbsp;TV Wemmetsweiler 3&nbsp;im September in die Saison 2026\/2027 der Badminton-Landesliga. In einer neu zusammengesetzten Liga trifft die Mannschaft auf bekannte Gegner, aber auch auf einige neue Herausforderungen. Als realistisches Ziel wird eine&nbsp;Platzierung im gesicherten Mittelfeld&nbsp;angestrebt. Bei den Herren bilden&nbsp;Leo Behles, Alexander No\u00df, Luca Lauer, Holger Bassalik und Dirk Hellbr\u00fcck&nbsp;den Stamm der Mannschaft. Erg\u00e4nzt wird der Kader durch die erfahrenen Ersatzspieler&nbsp;Michael Klein, Sven Uhlmann, Frank Loch und Uwe Decker. Bei den Damen gehen&nbsp;Sina Schuck und Nicole Hellbr\u00fcck&nbsp;als Stammspielerinnen in die neue Spielzeit. Mit&nbsp;Sara Uhlmann, Sarah Fabris, Lisa Hellbr\u00fcck und Viktoria Wolf&nbsp;stehen zudem mehrere Ersatzspielerinnen bereit. Insgesamt verf\u00fcgt der TVW damit \u00fcber gen\u00fcgend personelle M\u00f6glichkeiten, um w\u00e4hrend der Saison flexibel auf Ausf\u00e4lle reagieren zu k\u00f6nnen. Zum Saisonauftakt stehen gleich zwei Ausw\u00e4rtsspiele auf dem Programm. Am&nbsp;12. September&nbsp;geht es zun\u00e4chst zum&nbsp;TV Homburg 2, eine Woche sp\u00e4ter wartet die&nbsp;BSG Schaffhausen\/\u00dcberherrn 3. Das erste Heimspiel bestreitet der TVW am&nbsp;24. Oktober&nbsp;gegen die aus der vergangenen Saison bekannte&nbsp;SG St. Ingbert\/Elversberg 1. Im weiteren Saisonverlauf trifft Wemmetsweiler auf den&nbsp;BC Ottweiler 2, den&nbsp;Post SV Saarbr\u00fccken 1&nbsp;und die&nbsp;SG Lebach\/Oberthal 2. Den Abschluss des Kalenderjahres bildet am&nbsp;10. Dezember&nbsp;das Heimspiel gegen die&nbsp;SG Heiligenwald\/V\u00f6lklingen 4. Nach dem dritten Platz in der Vorsaison geht der TVW mit Selbstvertrauen, aber auch mit realistischen Erwartungen in die neue Spielzeit. Da sich das Teilnehmerfeld gegen\u00fcber der vergangenen Saison ver\u00e4ndert hat und einige der neuen Gegner nur schwer einzusch\u00e4tzen sind, steht zun\u00e4chst eine&nbsp;solide Platzierung im Mittelfeld&nbsp;im Vordergrund. Gelingt es, regelm\u00e4\u00dfig in guter Besetzung anzutreten und die engen Begegnungen f\u00fcr sich zu entscheiden, ist sicherlich auch der eine oder andere Blick in Richtung der vorderen Tabellenpl\u00e4tze erlaubt. Am&nbsp;12. September in Homburg&nbsp;beginnt f\u00fcr den TV Wemmetsweiler 3 die neue Landesliga-Saison \u2013 und damit wird sich erstmals zeigen, wie sich die Mannschaft im neu zusammengesetzten Teilnehmerfeld behaupten kann. Jugendmannschaft Nach einer erfolgreichen vergangenen Saison startet die Jugendmannschaft des TV Wemmetsweiler erstmals in der Landesliga. Mit dem Meistertitel in der Bezirksliga konnte sich die Mannschaft den Aufstieg sichern und geht nun voller Vorfreude in die neue Herausforderung. F\u00fcr die kommende Saison bleibt die Mannschaft in weiten Teilen zusammen. Finn Seib\u00fcchler, Lennard Jehle und Viktoria Wolf bilden weiterhin den Kern des Teams. Verst\u00e4rkt wird die Mannschaft dieses Jahr durch Marlon Uhlmann und Max Schorr. Damit steht dem TVW eine junge und motivierte Mannschaft zur Verf\u00fcgung, die in der Landesliga erste Erfahrungen sammeln und sich dort behaupten m\u00f6chte. In der Landesliga warten mit dem TuS Wiebelskirchen 1, dem 1. BC Saarbr\u00fccken-Bischmisheim 2, dem SuS Obere Saar 1 und dem PSV Saar 3 einige interessante und sicherlich anspruchsvolle Gegner. Nach dem Meistertitel in der vergangenen Saison wird die Konkurrenz in der neuen Spielklasse eine deutlich gr\u00f6\u00dfere Herausforderung darstellen. Dementsprechend geht der TV Wemmetsweiler mit einem realistischen Saisonziel in die neue Runde. Ein Platz im Mittelfeld der Landesliga soll am Ende erreicht werden. Dabei steht neben den Ergebnissen vor allem die Weiterentwicklung der jungen Spielerinnen und Spieler im Vordergrund. Die Mannschaft m\u00f6chte die gesammelten Erfahrungen nutzen, um sich Schritt f\u00fcr Schritt in der neuen Liga zu etablieren. Der Start in die neue Saison erfolgt am 09.02. um 18:30 Uhr ausw\u00e4rts gegen den SuS Obere Saar 1. Dabei wird sich erstmals zeigen, wie sich die neu formierte Mannschaft in der Landesliga behaupten kann. Wir w\u00fcnschen der Jugendmannschaft eine erfolgreiche Saison mit vielen spannenden und fairen Spielen und nat\u00fcrlich viel Erfolg bei der neuen Herausforderung Landesliga!<\/p>\n","protected":false},"author":6,"featured_media":1738,"comment_status":"closed","ping_status":"closed","sticky":false,"template":"","format":"standard","meta":{"ngg_post_thumbnail":0,"footnotes":""},"categories":[4,50,17],"tags":[],"class_list":["post-1737","post","type-post","status-publish","format-standard","has-post-thumbnail","hentry","category-aktive","category-slider","category-jugend"],"_links":{"self":[{"href":"https:\/\/www.tvw-badminton.de\/index.php?rest_route=\/wp\/v2\/posts\/1737","targetHints":{"allow":["GET"]}}],"collection":[{"href":"https:\/\/www.tvw-badminton.de\/index.php?rest_route=\/wp\/v2\/posts"}],"about":[{"href":"https:\/\/www.tvw-badminton.de\/index.php?rest_route=\/wp\/v2\/types\/post"}],"author":[{"embeddable":true,"href":"https:\/\/www.tvw-badminton.de\/index.php?rest_route=\/wp\/v2\/users\/6"}],"replies":[{"embeddable":true,"href":"https:\/\/www.tvw-badminton.de\/index.php?rest_route=%2Fwp%2Fv2%2Fcomments&post=1737"}],"version-history":[{"count":2,"href":"https:\/\/www.tvw-badminton.de\/index.php?rest_route=\/wp\/v2\/posts\/1737\/revisions"}],"predecessor-version":[{"id":1746,"href":"https:\/\/www.tvw-badminton.de\/index.php?rest_route=\/wp\/v2\/posts\/1737\/revisions\/1746"}],"wp:featuredmedia":[{"embeddable":true,"href":"https:\/\/www.tvw-badminton.de\/index.php?rest_route=\/wp\/v2\/media\/1738"}],"wp:attachment":[{"href":"https:\/\/www.tvw-badminton.de\/index.php?rest_route=%2Fwp%2Fv2%2Fmedia&parent=1737"}],"wp:term":[{"taxonomy":"category","embeddable":true,"href":"https:\/\/www.tvw-badminton.de\/index.php?rest_route=%2Fwp%2Fv2%2Fcategories&post=1737"},{"taxonomy":"post_tag","embeddable":true,"href":"https:\/\/www.tvw-badminton.de\/index.php?rest_route=%2Fwp%2Fv2%2Ftags&post=1737"}],"curies":[{"name":"wp","href":"https:\/\/api.w.org\/{rel}","templated":true}]}}